{"id":662,"date":"2025-10-02T11:40:56","date_gmt":"2025-10-02T09:40:56","guid":{"rendered":"https:\/\/aemam.org\/2025\/10\/02\/jornadas-de-formacion-acoso-laboral\/"},"modified":"2025-11-04T12:48:15","modified_gmt":"2025-11-04T10:48:15","slug":"jornadas-de-formacion-acoso-laboral","status":"publish","type":"post","link":"https:\/\/www.aemam.org\/es\/jornadas-de-formacion-acoso-laboral\/","title":{"rendered":"Sesi\u00f3n informativa sobre el art\u00edculo 19 de la Ley 31\/1995 de Prevenci\u00f3n de Riesgos Laborales"},"content":{"rendered":"\t\t<div data-elementor-type=\"wp-post\" data-elementor-id=\"662\" class=\"elementor elementor-662 elementor-660\" data-elementor-post-type=\"post\">\n\t\t\t\t<div class=\"elementor-element elementor-element-7d09dc30 e-flex e-con-boxed e-con e-parent\" data-id=\"7d09dc30\" data-element_type=\"container\" data-e-type=\"container\">\n\t\t\t\t\t<div class=\"e-con-inner\">\n\t\t\t\t<div class=\"elementor-element elementor-element-71b9765 elementor-widget elementor-widget-image\" data-id=\"71b9765\" data-element_type=\"widget\" data-e-type=\"widget\" data-widget_type=\"image.default\">\n\t\t\t\t\t\t\t\t\t\t\t\t\t\t\t<img fetchpriority=\"high\" decoding=\"async\" width=\"800\" height=\"330\" src=\"https:\/\/www.aemam.org\/wp-content\/uploads\/2025\/09\/shutterstock_674781289-1024x423.jpg\" class=\"attachment-large size-large wp-image-652\" alt=\"AEMAM - Associaci\u00f3 d&#039;Empresaris Metal\u00b7l\u00fargics de l&#039;Alt Maresme\" srcset=\"https:\/\/www.aemam.org\/wp-content\/uploads\/2025\/09\/shutterstock_674781289-1024x423.jpg 1024w, https:\/\/www.aemam.org\/wp-content\/uploads\/2025\/09\/shutterstock_674781289-300x124.jpg 300w, https:\/\/www.aemam.org\/wp-content\/uploads\/2025\/09\/shutterstock_674781289-768x317.jpg 768w, https:\/\/www.aemam.org\/wp-content\/uploads\/2025\/09\/shutterstock_674781289-1536x634.jpg 1536w, https:\/\/www.aemam.org\/wp-content\/uploads\/2025\/09\/shutterstock_674781289.jpg 1800w\" sizes=\"(max-width: 800px) 100vw, 800px\" \/>\t\t\t\t\t\t\t\t\t\t\t\t\t\t\t<\/div>\n\t\t\t\t<div class=\"elementor-element elementor-element-7623ff4b elementor-widget elementor-widget-text-editor\" data-id=\"7623ff4b\" data-element_type=\"widget\" data-e-type=\"widget\" data-widget_type=\"text-editor.default\">\n\t\t\t\t\t\t\t\t\t<p>El pr\u00f3ximo mes de diciembre tendr\u00e1 lugar una charla informativa sobre el art\u00edculo 19 de la Ley 31\/1995, de Prevenci\u00f3n de Riesgos Laborales, en lo referente al derecho y obligaci\u00f3n de recibir formaci\u00f3n en materia preventiva.<\/p><p data-start=\"711\" data-end=\"952\">Durante la sesi\u00f3n se explicar\u00e1n los principios b\u00e1sicos de la formaci\u00f3n en seguridad y salud laboral, el contenido m\u00ednimo que debe tener esta formaci\u00f3n, y la responsabilidad de la empresa y de los trabajadores en materia de prevenci\u00f3n.<\/p><p data-start=\"954\" data-end=\"1118\">El objetivo de esta charla es mejorar la concienciaci\u00f3n y los conocimientos preventivos de todo el personal, fomentando un entorno de trabajo seguro y saludable as\u00ed como reforzar nuestro compromiso conjunto con la seguridad y la salud en el puesto de trabajo<\/p><p data-start=\"1120\" data-end=\"1283\">La sesi\u00f3n se realizar\u00e1 en las aulas de la AEMAM y ser\u00e1 impartida por SR. Marius Mart\u00ed. <\/p><p>Se recomienda la asistencia de todo el personal de las empresas del Servicio de Prevenci\u00f3n Mancomunado de AEMAM ya que se tratar\u00e1n aspectos pr\u00e1cticos y normativos de inter\u00e9s general para todos los trabajadores del sector.<\/p><p>Si est\u00e1s interesado rellena y haznos llegar el bolet\u00edn siguiente.<\/p>\t\t\t\t\t\t\t\t<\/div>\n\t\t\t\t\t<\/div>\n\t\t\t\t<\/div>\n\t\t<div class=\"elementor-element elementor-element-17c1ac7 e-flex e-con-boxed e-con e-parent\" data-id=\"17c1ac7\" data-element_type=\"container\" data-e-type=\"container\">\n\t\t\t\t\t<div class=\"e-con-inner\">\n\t\t\t\t\t<\/div>\n\t\t\t\t<\/div>\n\t\t\t\t<\/div>\n\t\t","protected":false},"excerpt":{"rendered":"<p>El pr\u00f3ximo mes de diciembre tendr\u00e1 lugar una charla informativa sobre el art\u00edculo 19 de la Ley 31\/1995, de Prevenci\u00f3n de Riesgos Laborales, en lo referente al derecho y obligaci\u00f3n de recibir formaci\u00f3n en materia preventiva. Durante la sesi\u00f3n se explicar\u00e1n los principios b\u00e1sicos de la formaci\u00f3n en seguridad y salud laboral, el contenido m\u00ednimo [&hellip;]<\/p>\n","protected":false},"author":1,"featured_media":652,"comment_status":"open","ping_status":"open","sticky":false,"template":"","format":"standard","meta":{"_acf_changed":false,"footnotes":""},"categories":[30],"tags":[],"class_list":["post-662","post","type-post","status-publish","format-standard","has-post-thumbnail","hentry","category-jornadas"],"acf":[],"yoast_head":"<!-- This site is optimized with the Yoast SEO plugin v26.9 - https:\/\/yoast.com\/product\/yoast-seo-wordpress\/ -->\n<title>Sesi\u00f3n informativa sobre el art\u00edculo 19 de la Ley 31\/1995 de Prevenci\u00f3n de Riesgos Laborales - AEMAM<\/title>\n<meta name=\"description\" content=\"El pr\u00f3ximo mes de diciembre tendr\u00e1 lugar una charla informativa sobre el art\u00edculo 19 de la Ley 31\/1995, de Prevenci\u00f3n de Riesgos Laborales, en lo\" \/>\n<meta name=\"robots\" content=\"index, follow, max-snippet:-1, max-image-preview:large, max-video-preview:-1\" \/>\n<link rel=\"canonical\" href=\"https:\/\/www.aemam.org\/es\/jornadas-de-formacion-acoso-laboral\/\" \/>\n<meta property=\"og:locale\" content=\"es_ES\" \/>\n<meta property=\"og:type\" content=\"article\" \/>\n<meta property=\"og:title\" content=\"Sesi\u00f3n informativa sobre el art\u00edculo 19 de la Ley 31\/1995 de Prevenci\u00f3n de Riesgos Laborales - AEMAM\" \/>\n<meta property=\"og:description\" content=\"El pr\u00f3ximo mes de diciembre tendr\u00e1 lugar una charla informativa sobre el art\u00edculo 19 de la Ley 31\/1995, de Prevenci\u00f3n de Riesgos Laborales, en lo\" \/>\n<meta property=\"og:url\" content=\"https:\/\/www.aemam.org\/es\/jornadas-de-formacion-acoso-laboral\/\" \/>\n<meta property=\"og:site_name\" content=\"AEMAM\" \/>\n<meta property=\"article:published_time\" content=\"2025-10-02T09:40:56+00:00\" \/>\n<meta property=\"article:modified_time\" content=\"2025-11-04T10:48:15+00:00\" \/>\n<meta property=\"og:image\" content=\"https:\/\/www.aemam.org\/wp-content\/uploads\/2025\/09\/shutterstock_674781289.jpg\" \/>\n\t<meta property=\"og:image:width\" content=\"1800\" \/>\n\t<meta property=\"og:image:height\" content=\"743\" \/>\n\t<meta property=\"og:image:type\" content=\"image\/jpeg\" \/>\n<meta name=\"author\" content=\"elevenwebs\" \/>\n<meta name=\"twitter:card\" content=\"summary_large_image\" \/>\n<meta name=\"twitter:label1\" content=\"Escrito por\" \/>\n\t<meta name=\"twitter:data1\" content=\"elevenwebs\" \/>\n\t<meta name=\"twitter:label2\" content=\"Tiempo de lectura\" \/>\n\t<meta name=\"twitter:data2\" content=\"1 minuto\" \/>\n<script type=\"application\/ld+json\" class=\"yoast-schema-graph\">{\"@context\":\"https:\/\/schema.org\",\"@graph\":[{\"@type\":\"Article\",\"@id\":\"https:\/\/www.aemam.org\/es\/jornadas-de-formacion-acoso-laboral\/#article\",\"isPartOf\":{\"@id\":\"https:\/\/www.aemam.org\/es\/jornadas-de-formacion-acoso-laboral\/\"},\"author\":{\"name\":\"elevenwebs\",\"@id\":\"https:\/\/www.aemam.org\/es\/#\/schema\/person\/75f111ddb8a19b6a686669b05d2cbfb5\"},\"headline\":\"Sesi\u00f3n informativa sobre el art\u00edculo 19 de la Ley 31\/1995 de Prevenci\u00f3n de Riesgos Laborales\",\"datePublished\":\"2025-10-02T09:40:56+00:00\",\"dateModified\":\"2025-11-04T10:48:15+00:00\",\"mainEntityOfPage\":{\"@id\":\"https:\/\/www.aemam.org\/es\/jornadas-de-formacion-acoso-laboral\/\"},\"wordCount\":212,\"commentCount\":0,\"publisher\":{\"@id\":\"https:\/\/www.aemam.org\/es\/#organization\"},\"image\":{\"@id\":\"https:\/\/www.aemam.org\/es\/jornadas-de-formacion-acoso-laboral\/#primaryimage\"},\"thumbnailUrl\":\"https:\/\/www.aemam.org\/wp-content\/uploads\/2025\/09\/shutterstock_674781289.jpg\",\"articleSection\":[\"Jornadas\"],\"inLanguage\":\"es\",\"potentialAction\":[{\"@type\":\"CommentAction\",\"name\":\"Comment\",\"target\":[\"https:\/\/www.aemam.org\/es\/jornadas-de-formacion-acoso-laboral\/#respond\"]}]},{\"@type\":\"WebPage\",\"@id\":\"https:\/\/www.aemam.org\/es\/jornadas-de-formacion-acoso-laboral\/\",\"url\":\"https:\/\/www.aemam.org\/es\/jornadas-de-formacion-acoso-laboral\/\",\"name\":\"Sesi\u00f3n informativa sobre el art\u00edculo 19 de la Ley 31\/1995 de Prevenci\u00f3n de Riesgos Laborales - AEMAM\",\"isPartOf\":{\"@id\":\"https:\/\/www.aemam.org\/es\/#website\"},\"primaryImageOfPage\":{\"@id\":\"https:\/\/www.aemam.org\/es\/jornadas-de-formacion-acoso-laboral\/#primaryimage\"},\"image\":{\"@id\":\"https:\/\/www.aemam.org\/es\/jornadas-de-formacion-acoso-laboral\/#primaryimage\"},\"thumbnailUrl\":\"https:\/\/www.aemam.org\/wp-content\/uploads\/2025\/09\/shutterstock_674781289.jpg\",\"datePublished\":\"2025-10-02T09:40:56+00:00\",\"dateModified\":\"2025-11-04T10:48:15+00:00\",\"description\":\"El pr\u00f3ximo mes de diciembre tendr\u00e1 lugar una charla informativa sobre el art\u00edculo 19 de la Ley 31\/1995, de Prevenci\u00f3n de Riesgos Laborales, en lo\",\"breadcrumb\":{\"@id\":\"https:\/\/www.aemam.org\/es\/jornadas-de-formacion-acoso-laboral\/#breadcrumb\"},\"inLanguage\":\"es\",\"potentialAction\":[{\"@type\":\"ReadAction\",\"target\":[\"https:\/\/www.aemam.org\/es\/jornadas-de-formacion-acoso-laboral\/\"]}]},{\"@type\":\"ImageObject\",\"inLanguage\":\"es\",\"@id\":\"https:\/\/www.aemam.org\/es\/jornadas-de-formacion-acoso-laboral\/#primaryimage\",\"url\":\"https:\/\/www.aemam.org\/wp-content\/uploads\/2025\/09\/shutterstock_674781289.jpg\",\"contentUrl\":\"https:\/\/www.aemam.org\/wp-content\/uploads\/2025\/09\/shutterstock_674781289.jpg\",\"width\":1800,\"height\":743,\"caption\":\"Adult students listen to professor's lecture in small class room. Rear view, panoramic aspect ratio.\"},{\"@type\":\"BreadcrumbList\",\"@id\":\"https:\/\/www.aemam.org\/es\/jornadas-de-formacion-acoso-laboral\/#breadcrumb\",\"itemListElement\":[{\"@type\":\"ListItem\",\"position\":1,\"name\":\"Inici\",\"item\":\"https:\/\/www.aemam.org\/es\/inicio\/\"},{\"@type\":\"ListItem\",\"position\":2,\"name\":\"Sesi\u00f3n informativa sobre el art\u00edculo 19 de la Ley 31\/1995 de Prevenci\u00f3n de Riesgos Laborales\"}]},{\"@type\":\"WebSite\",\"@id\":\"https:\/\/www.aemam.org\/es\/#website\",\"url\":\"https:\/\/www.aemam.org\/es\/\",\"name\":\"AEMAM\",\"description\":\"Associaci\u00f3 d&#039;Empresaris Metal\u00b7l\u00fargics de l&#039;Alt Maresme\",\"publisher\":{\"@id\":\"https:\/\/www.aemam.org\/es\/#organization\"},\"potentialAction\":[{\"@type\":\"SearchAction\",\"target\":{\"@type\":\"EntryPoint\",\"urlTemplate\":\"https:\/\/www.aemam.org\/es\/?s={search_term_string}\"},\"query-input\":{\"@type\":\"PropertyValueSpecification\",\"valueRequired\":true,\"valueName\":\"search_term_string\"}}],\"inLanguage\":\"es\"},{\"@type\":\"Organization\",\"@id\":\"https:\/\/www.aemam.org\/es\/#organization\",\"name\":\"AEMAM\",\"url\":\"https:\/\/www.aemam.org\/es\/\",\"logo\":{\"@type\":\"ImageObject\",\"inLanguage\":\"es\",\"@id\":\"https:\/\/www.aemam.org\/es\/#\/schema\/logo\/image\/\",\"url\":\"https:\/\/www.aemam.org\/wp-content\/uploads\/2025\/08\/logo-aemam-blue.svg\",\"contentUrl\":\"https:\/\/www.aemam.org\/wp-content\/uploads\/2025\/08\/logo-aemam-blue.svg\",\"width\":849,\"height\":346,\"caption\":\"AEMAM\"},\"image\":{\"@id\":\"https:\/\/www.aemam.org\/es\/#\/schema\/logo\/image\/\"}},{\"@type\":\"Person\",\"@id\":\"https:\/\/www.aemam.org\/es\/#\/schema\/person\/75f111ddb8a19b6a686669b05d2cbfb5\",\"name\":\"elevenwebs\",\"image\":{\"@type\":\"ImageObject\",\"inLanguage\":\"es\",\"@id\":\"https:\/\/www.aemam.org\/es\/#\/schema\/person\/image\/\",\"url\":\"https:\/\/secure.gravatar.com\/avatar\/eb62249cc102d17f7c98fef495611ff49038b9be891928ef801d1b5f5ad76198?s=96&d=mm&r=g\",\"contentUrl\":\"https:\/\/secure.gravatar.com\/avatar\/eb62249cc102d17f7c98fef495611ff49038b9be891928ef801d1b5f5ad76198?s=96&d=mm&r=g\",\"caption\":\"elevenwebs\"},\"sameAs\":[\"https:\/\/www.aemam.org\"]}]}<\/script>\n<!-- \/ Yoast SEO plugin. -->","yoast_head_json":{"title":"Sesi\u00f3n informativa sobre el art\u00edculo 19 de la Ley 31\/1995 de Prevenci\u00f3n de Riesgos Laborales - AEMAM","description":"El pr\u00f3ximo mes de diciembre tendr\u00e1 lugar una charla informativa sobre el art\u00edculo 19 de la Ley 31\/1995, de Prevenci\u00f3n de Riesgos Laborales, en lo","robots":{"index":"index","follow":"follow","max-snippet":"max-snippet:-1","max-image-preview":"max-image-preview:large","max-video-preview":"max-video-preview:-1"},"canonical":"https:\/\/www.aemam.org\/es\/jornadas-de-formacion-acoso-laboral\/","og_locale":"es_ES","og_type":"article","og_title":"Sesi\u00f3n informativa sobre el art\u00edculo 19 de la Ley 31\/1995 de Prevenci\u00f3n de Riesgos Laborales - AEMAM","og_description":"El pr\u00f3ximo mes de diciembre tendr\u00e1 lugar una charla informativa sobre el art\u00edculo 19 de la Ley 31\/1995, de Prevenci\u00f3n de Riesgos Laborales, en lo","og_url":"https:\/\/www.aemam.org\/es\/jornadas-de-formacion-acoso-laboral\/","og_site_name":"AEMAM","article_published_time":"2025-10-02T09:40:56+00:00","article_modified_time":"2025-11-04T10:48:15+00:00","og_image":[{"width":1800,"height":743,"url":"https:\/\/www.aemam.org\/wp-content\/uploads\/2025\/09\/shutterstock_674781289.jpg","type":"image\/jpeg"}],"author":"elevenwebs","twitter_card":"summary_large_image","twitter_misc":{"Escrito por":"elevenwebs","Tiempo de lectura":"1 minuto"},"schema":{"@context":"https:\/\/schema.org","@graph":[{"@type":"Article","@id":"https:\/\/www.aemam.org\/es\/jornadas-de-formacion-acoso-laboral\/#article","isPartOf":{"@id":"https:\/\/www.aemam.org\/es\/jornadas-de-formacion-acoso-laboral\/"},"author":{"name":"elevenwebs","@id":"https:\/\/www.aemam.org\/es\/#\/schema\/person\/75f111ddb8a19b6a686669b05d2cbfb5"},"headline":"Sesi\u00f3n informativa sobre el art\u00edculo 19 de la Ley 31\/1995 de Prevenci\u00f3n de Riesgos Laborales","datePublished":"2025-10-02T09:40:56+00:00","dateModified":"2025-11-04T10:48:15+00:00","mainEntityOfPage":{"@id":"https:\/\/www.aemam.org\/es\/jornadas-de-formacion-acoso-laboral\/"},"wordCount":212,"commentCount":0,"publisher":{"@id":"https:\/\/www.aemam.org\/es\/#organization"},"image":{"@id":"https:\/\/www.aemam.org\/es\/jornadas-de-formacion-acoso-laboral\/#primaryimage"},"thumbnailUrl":"https:\/\/www.aemam.org\/wp-content\/uploads\/2025\/09\/shutterstock_674781289.jpg","articleSection":["Jornadas"],"inLanguage":"es","potentialAction":[{"@type":"CommentAction","name":"Comment","target":["https:\/\/www.aemam.org\/es\/jornadas-de-formacion-acoso-laboral\/#respond"]}]},{"@type":"WebPage","@id":"https:\/\/www.aemam.org\/es\/jornadas-de-formacion-acoso-laboral\/","url":"https:\/\/www.aemam.org\/es\/jornadas-de-formacion-acoso-laboral\/","name":"Sesi\u00f3n informativa sobre el art\u00edculo 19 de la Ley 31\/1995 de Prevenci\u00f3n de Riesgos Laborales - AEMAM","isPartOf":{"@id":"https:\/\/www.aemam.org\/es\/#website"},"primaryImageOfPage":{"@id":"https:\/\/www.aemam.org\/es\/jornadas-de-formacion-acoso-laboral\/#primaryimage"},"image":{"@id":"https:\/\/www.aemam.org\/es\/jornadas-de-formacion-acoso-laboral\/#primaryimage"},"thumbnailUrl":"https:\/\/www.aemam.org\/wp-content\/uploads\/2025\/09\/shutterstock_674781289.jpg","datePublished":"2025-10-02T09:40:56+00:00","dateModified":"2025-11-04T10:48:15+00:00","description":"El pr\u00f3ximo mes de diciembre tendr\u00e1 lugar una charla informativa sobre el art\u00edculo 19 de la Ley 31\/1995, de Prevenci\u00f3n de Riesgos Laborales, en lo","breadcrumb":{"@id":"https:\/\/www.aemam.org\/es\/jornadas-de-formacion-acoso-laboral\/#breadcrumb"},"inLanguage":"es","potentialAction":[{"@type":"ReadAction","target":["https:\/\/www.aemam.org\/es\/jornadas-de-formacion-acoso-laboral\/"]}]},{"@type":"ImageObject","inLanguage":"es","@id":"https:\/\/www.aemam.org\/es\/jornadas-de-formacion-acoso-laboral\/#primaryimage","url":"https:\/\/www.aemam.org\/wp-content\/uploads\/2025\/09\/shutterstock_674781289.jpg","contentUrl":"https:\/\/www.aemam.org\/wp-content\/uploads\/2025\/09\/shutterstock_674781289.jpg","width":1800,"height":743,"caption":"Adult students listen to professor's lecture in small class room. Rear view, panoramic aspect ratio."},{"@type":"BreadcrumbList","@id":"https:\/\/www.aemam.org\/es\/jornadas-de-formacion-acoso-laboral\/#breadcrumb","itemListElement":[{"@type":"ListItem","position":1,"name":"Inici","item":"https:\/\/www.aemam.org\/es\/inicio\/"},{"@type":"ListItem","position":2,"name":"Sesi\u00f3n informativa sobre el art\u00edculo 19 de la Ley 31\/1995 de Prevenci\u00f3n de Riesgos Laborales"}]},{"@type":"WebSite","@id":"https:\/\/www.aemam.org\/es\/#website","url":"https:\/\/www.aemam.org\/es\/","name":"AEMAM","description":"Associaci\u00f3 d&#039;Empresaris Metal\u00b7l\u00fargics de l&#039;Alt Maresme","publisher":{"@id":"https:\/\/www.aemam.org\/es\/#organization"},"potentialAction":[{"@type":"SearchAction","target":{"@type":"EntryPoint","urlTemplate":"https:\/\/www.aemam.org\/es\/?s={search_term_string}"},"query-input":{"@type":"PropertyValueSpecification","valueRequired":true,"valueName":"search_term_string"}}],"inLanguage":"es"},{"@type":"Organization","@id":"https:\/\/www.aemam.org\/es\/#organization","name":"AEMAM","url":"https:\/\/www.aemam.org\/es\/","logo":{"@type":"ImageObject","inLanguage":"es","@id":"https:\/\/www.aemam.org\/es\/#\/schema\/logo\/image\/","url":"https:\/\/www.aemam.org\/wp-content\/uploads\/2025\/08\/logo-aemam-blue.svg","contentUrl":"https:\/\/www.aemam.org\/wp-content\/uploads\/2025\/08\/logo-aemam-blue.svg","width":849,"height":346,"caption":"AEMAM"},"image":{"@id":"https:\/\/www.aemam.org\/es\/#\/schema\/logo\/image\/"}},{"@type":"Person","@id":"https:\/\/www.aemam.org\/es\/#\/schema\/person\/75f111ddb8a19b6a686669b05d2cbfb5","name":"elevenwebs","image":{"@type":"ImageObject","inLanguage":"es","@id":"https:\/\/www.aemam.org\/es\/#\/schema\/person\/image\/","url":"https:\/\/secure.gravatar.com\/avatar\/eb62249cc102d17f7c98fef495611ff49038b9be891928ef801d1b5f5ad76198?s=96&d=mm&r=g","contentUrl":"https:\/\/secure.gravatar.com\/avatar\/eb62249cc102d17f7c98fef495611ff49038b9be891928ef801d1b5f5ad76198?s=96&d=mm&r=g","caption":"elevenwebs"},"sameAs":["https:\/\/www.aemam.org"]}]}},"_links":{"self":[{"href":"https:\/\/www.aemam.org\/es\/wp-json\/wp\/v2\/posts\/662","targetHints":{"allow":["GET"]}}],"collection":[{"href":"https:\/\/www.aemam.org\/es\/wp-json\/wp\/v2\/posts"}],"about":[{"href":"https:\/\/www.aemam.org\/es\/wp-json\/wp\/v2\/types\/post"}],"author":[{"embeddable":true,"href":"https:\/\/www.aemam.org\/es\/wp-json\/wp\/v2\/users\/1"}],"replies":[{"embeddable":true,"href":"https:\/\/www.aemam.org\/es\/wp-json\/wp\/v2\/comments?post=662"}],"version-history":[{"count":5,"href":"https:\/\/www.aemam.org\/es\/wp-json\/wp\/v2\/posts\/662\/revisions"}],"predecessor-version":[{"id":1523,"href":"https:\/\/www.aemam.org\/es\/wp-json\/wp\/v2\/posts\/662\/revisions\/1523"}],"wp:featuredmedia":[{"embeddable":true,"href":"https:\/\/www.aemam.org\/es\/wp-json\/wp\/v2\/media\/652"}],"wp:attachment":[{"href":"https:\/\/www.aemam.org\/es\/wp-json\/wp\/v2\/media?parent=662"}],"wp:term":[{"taxonomy":"category","embeddable":true,"href":"https:\/\/www.aemam.org\/es\/wp-json\/wp\/v2\/categories?post=662"},{"taxonomy":"post_tag","embeddable":true,"href":"https:\/\/www.aemam.org\/es\/wp-json\/wp\/v2\/tags?post=662"}],"curies":[{"name":"wp","href":"https:\/\/api.w.org\/{rel}","templated":true}]}}