{"id":663,"date":"2025-10-02T11:38:27","date_gmt":"2025-10-02T09:38:27","guid":{"rendered":"https:\/\/aemam.org\/2025\/10\/02\/curso-obligatorio-de-prl-de-reciclaje-para-cerrajeros-de-4-horas\/"},"modified":"2025-11-10T16:02:57","modified_gmt":"2025-11-10T14:02:57","slug":"curso-obligatorio-de-prl-de-reciclaje-para-cerrajeros-de-4-horas","status":"publish","type":"post","link":"https:\/\/www.aemam.org\/es\/curso-obligatorio-de-prl-de-reciclaje-para-cerrajeros-de-4-horas\/","title":{"rendered":"Curso obligatorio de PRL de reciclaje para cerrajeros de 4 horas"},"content":{"rendered":"\t\t<div data-elementor-type=\"wp-post\" data-elementor-id=\"663\" class=\"elementor elementor-663 elementor-658\" data-elementor-post-type=\"post\">\n\t\t\t\t<div class=\"elementor-element elementor-element-c000ae5 e-flex e-con-boxed e-con e-parent\" data-id=\"c000ae5\" data-element_type=\"container\" data-e-type=\"container\">\n\t\t\t\t\t<div class=\"e-con-inner\">\n\t\t\t\t<div class=\"elementor-element elementor-element-aa24b1c elementor-widget elementor-widget-image\" data-id=\"aa24b1c\" data-element_type=\"widget\" data-e-type=\"widget\" data-widget_type=\"image.default\">\n\t\t\t\t\t\t\t\t\t\t\t\t\t\t\t<img fetchpriority=\"high\" decoding=\"async\" width=\"800\" height=\"534\" src=\"https:\/\/www.aemam.org\/wp-content\/uploads\/2025\/09\/trabajador-haciendo-puerta-por-maquina-cortadora-de-acero-electrica-1024x683.jpg\" class=\"attachment-large size-large wp-image-620\" alt=\"AEMAM - Associaci\u00f3 d&#039;Empresaris Metal\u00b7l\u00fargics de l&#039;Alt Maresme\" srcset=\"https:\/\/www.aemam.org\/wp-content\/uploads\/2025\/09\/trabajador-haciendo-puerta-por-maquina-cortadora-de-acero-electrica-1024x683.jpg 1024w, https:\/\/www.aemam.org\/wp-content\/uploads\/2025\/09\/trabajador-haciendo-puerta-por-maquina-cortadora-de-acero-electrica-300x200.jpg 300w, https:\/\/www.aemam.org\/wp-content\/uploads\/2025\/09\/trabajador-haciendo-puerta-por-maquina-cortadora-de-acero-electrica-768x512.jpg 768w, https:\/\/www.aemam.org\/wp-content\/uploads\/2025\/09\/trabajador-haciendo-puerta-por-maquina-cortadora-de-acero-electrica-1536x1025.jpg 1536w, https:\/\/www.aemam.org\/wp-content\/uploads\/2025\/09\/trabajador-haciendo-puerta-por-maquina-cortadora-de-acero-electrica.jpg 1920w\" sizes=\"(max-width: 800px) 100vw, 800px\" \/>\t\t\t\t\t\t\t\t\t\t\t\t\t\t\t<\/div>\n\t\t\t\t<div class=\"elementor-element elementor-element-465df4e elementor-widget elementor-widget-text-editor\" data-id=\"465df4e\" data-element_type=\"widget\" data-e-type=\"widget\" data-widget_type=\"text-editor.default\">\n\t\t\t\t\t\t\t\t\tLa Associaci\u00f3 d&#8217;Empresaris Metal\u00b7l\u00fargics de l&#8217;Alt Maresme tiene programado realizar el pr\u00f3ximo 3 de diciembre de 2025 el curso: RECICLAJE DE PREVENCI\u00d3N DE RIESGOS LABORALES DE 4 HORAS PARA CERRAJEROS.\r\n\r\nEn la publicaci\u00f3n del BOE del 11 de agosto de 2016, se estableci\u00f3 la obligaci\u00f3n de que los trabajadores que ya tengan la formaci\u00f3n de 20 horas por su oficio, deben realizar un curso de reciclaje de 4 horas cada tres a\u00f1os. Este curso puede bonificarse a la seguridad social.\r\n\r\nEs importante que si est\u00e1 interesado en este curso, para alguno de sus trabajadores, nos devuelva debidamente cumplimentado el bolet\u00edn de inscripci\u00f3n.\t\t\t\t\t\t\t\t<\/div>\n\t\t\t\t\t<\/div>\n\t\t\t\t<\/div>\n\t\t<div class=\"elementor-element elementor-element-311a519 e-flex e-con-boxed e-con e-parent\" data-id=\"311a519\" data-element_type=\"container\" data-e-type=\"container\">\n\t\t\t\t\t<div class=\"e-con-inner\">\n\t\t\t\t\t<\/div>\n\t\t\t\t<\/div>\n\t\t\t\t<\/div>\n\t\t","protected":false},"excerpt":{"rendered":"<p>La Associaci\u00f3 d&#8217;Empresaris Metal\u00b7l\u00fargics de l&#8217;Alt Maresme tiene programado realizar el pr\u00f3ximo 3 de diciembre de 2025 el curso: RECICLAJE DE PREVENCI\u00d3N DE RIESGOS LABORALES DE 4 HORAS PARA CERRAJEROS. En la publicaci\u00f3n del BOE del 11 de agosto de 2016, se estableci\u00f3 la obligaci\u00f3n de que los trabajadores que ya tengan la formaci\u00f3n de [&hellip;]<\/p>\n","protected":false},"author":1,"featured_media":620,"comment_status":"open","ping_status":"open","sticky":false,"template":"","format":"standard","meta":{"_acf_changed":false,"footnotes":""},"categories":[31],"tags":[],"class_list":["post-663","post","type-post","status-publish","format-standard","has-post-thumbnail","hentry","category-cursos"],"acf":[],"yoast_head":"<!-- This site is optimized with the Yoast SEO plugin v26.9 - https:\/\/yoast.com\/product\/yoast-seo-wordpress\/ -->\n<title>Curso obligatorio de PRL de reciclaje para cerrajeros de 4 horas - AEMAM<\/title>\n<meta name=\"description\" content=\"La Associaci\u00f3 d&#039;Empresaris Metal\u00b7l\u00fargics de l&#039;Alt Maresme tiene programado realizar el pr\u00f3ximo 3 de diciembre de 2025 el curso: RECICLAJE DE PREVENCI\u00d3N DE\" \/>\n<meta name=\"robots\" content=\"index, follow, max-snippet:-1, max-image-preview:large, max-video-preview:-1\" \/>\n<link rel=\"canonical\" href=\"https:\/\/www.aemam.org\/es\/curso-obligatorio-de-prl-de-reciclaje-para-cerrajeros-de-4-horas\/\" \/>\n<meta property=\"og:locale\" content=\"es_ES\" \/>\n<meta property=\"og:type\" content=\"article\" \/>\n<meta property=\"og:title\" content=\"Curso obligatorio de PRL de reciclaje para cerrajeros de 4 horas - AEMAM\" \/>\n<meta property=\"og:description\" content=\"La Associaci\u00f3 d&#039;Empresaris Metal\u00b7l\u00fargics de l&#039;Alt Maresme tiene programado realizar el pr\u00f3ximo 3 de diciembre de 2025 el curso: RECICLAJE DE PREVENCI\u00d3N DE\" \/>\n<meta property=\"og:url\" content=\"https:\/\/www.aemam.org\/es\/curso-obligatorio-de-prl-de-reciclaje-para-cerrajeros-de-4-horas\/\" \/>\n<meta property=\"og:site_name\" content=\"AEMAM\" \/>\n<meta property=\"article:published_time\" content=\"2025-10-02T09:38:27+00:00\" \/>\n<meta property=\"article:modified_time\" content=\"2025-11-10T14:02:57+00:00\" \/>\n<meta property=\"og:image\" content=\"https:\/\/www.aemam.org\/wp-content\/uploads\/2025\/09\/trabajador-haciendo-puerta-por-maquina-cortadora-de-acero-electrica.jpg\" \/>\n\t<meta property=\"og:image:width\" content=\"1920\" \/>\n\t<meta property=\"og:image:height\" content=\"1281\" \/>\n\t<meta property=\"og:image:type\" content=\"image\/jpeg\" \/>\n<meta name=\"author\" content=\"elevenwebs\" \/>\n<meta name=\"twitter:card\" content=\"summary_large_image\" \/>\n<meta name=\"twitter:label1\" content=\"Escrito por\" \/>\n\t<meta name=\"twitter:data1\" content=\"elevenwebs\" \/>\n\t<meta name=\"twitter:label2\" content=\"Tiempo de lectura\" \/>\n\t<meta name=\"twitter:data2\" content=\"1 minuto\" \/>\n<script type=\"application\/ld+json\" class=\"yoast-schema-graph\">{\"@context\":\"https:\/\/schema.org\",\"@graph\":[{\"@type\":\"Article\",\"@id\":\"https:\/\/www.aemam.org\/es\/curso-obligatorio-de-prl-de-reciclaje-para-cerrajeros-de-4-horas\/#article\",\"isPartOf\":{\"@id\":\"https:\/\/www.aemam.org\/es\/curso-obligatorio-de-prl-de-reciclaje-para-cerrajeros-de-4-horas\/\"},\"author\":{\"name\":\"elevenwebs\",\"@id\":\"https:\/\/www.aemam.org\/es\/#\/schema\/person\/75f111ddb8a19b6a686669b05d2cbfb5\"},\"headline\":\"Curso obligatorio de PRL de reciclaje para cerrajeros de 4 horas\",\"datePublished\":\"2025-10-02T09:38:27+00:00\",\"dateModified\":\"2025-11-10T14:02:57+00:00\",\"mainEntityOfPage\":{\"@id\":\"https:\/\/www.aemam.org\/es\/curso-obligatorio-de-prl-de-reciclaje-para-cerrajeros-de-4-horas\/\"},\"wordCount\":117,\"commentCount\":0,\"publisher\":{\"@id\":\"https:\/\/www.aemam.org\/es\/#organization\"},\"image\":{\"@id\":\"https:\/\/www.aemam.org\/es\/curso-obligatorio-de-prl-de-reciclaje-para-cerrajeros-de-4-horas\/#primaryimage\"},\"thumbnailUrl\":\"https:\/\/www.aemam.org\/wp-content\/uploads\/2025\/09\/trabajador-haciendo-puerta-por-maquina-cortadora-de-acero-electrica.jpg\",\"articleSection\":[\"Cursos\"],\"inLanguage\":\"es\",\"potentialAction\":[{\"@type\":\"CommentAction\",\"name\":\"Comment\",\"target\":[\"https:\/\/www.aemam.org\/es\/curso-obligatorio-de-prl-de-reciclaje-para-cerrajeros-de-4-horas\/#respond\"]}]},{\"@type\":\"WebPage\",\"@id\":\"https:\/\/www.aemam.org\/es\/curso-obligatorio-de-prl-de-reciclaje-para-cerrajeros-de-4-horas\/\",\"url\":\"https:\/\/www.aemam.org\/es\/curso-obligatorio-de-prl-de-reciclaje-para-cerrajeros-de-4-horas\/\",\"name\":\"Curso obligatorio de PRL de reciclaje para cerrajeros de 4 horas - AEMAM\",\"isPartOf\":{\"@id\":\"https:\/\/www.aemam.org\/es\/#website\"},\"primaryImageOfPage\":{\"@id\":\"https:\/\/www.aemam.org\/es\/curso-obligatorio-de-prl-de-reciclaje-para-cerrajeros-de-4-horas\/#primaryimage\"},\"image\":{\"@id\":\"https:\/\/www.aemam.org\/es\/curso-obligatorio-de-prl-de-reciclaje-para-cerrajeros-de-4-horas\/#primaryimage\"},\"thumbnailUrl\":\"https:\/\/www.aemam.org\/wp-content\/uploads\/2025\/09\/trabajador-haciendo-puerta-por-maquina-cortadora-de-acero-electrica.jpg\",\"datePublished\":\"2025-10-02T09:38:27+00:00\",\"dateModified\":\"2025-11-10T14:02:57+00:00\",\"description\":\"La Associaci\u00f3 d'Empresaris Metal\u00b7l\u00fargics de l'Alt Maresme tiene programado realizar el pr\u00f3ximo 3 de diciembre de 2025 el curso: RECICLAJE DE PREVENCI\u00d3N DE\",\"breadcrumb\":{\"@id\":\"https:\/\/www.aemam.org\/es\/curso-obligatorio-de-prl-de-reciclaje-para-cerrajeros-de-4-horas\/#breadcrumb\"},\"inLanguage\":\"es\",\"potentialAction\":[{\"@type\":\"ReadAction\",\"target\":[\"https:\/\/www.aemam.org\/es\/curso-obligatorio-de-prl-de-reciclaje-para-cerrajeros-de-4-horas\/\"]}]},{\"@type\":\"ImageObject\",\"inLanguage\":\"es\",\"@id\":\"https:\/\/www.aemam.org\/es\/curso-obligatorio-de-prl-de-reciclaje-para-cerrajeros-de-4-horas\/#primaryimage\",\"url\":\"https:\/\/www.aemam.org\/wp-content\/uploads\/2025\/09\/trabajador-haciendo-puerta-por-maquina-cortadora-de-acero-electrica.jpg\",\"contentUrl\":\"https:\/\/www.aemam.org\/wp-content\/uploads\/2025\/09\/trabajador-haciendo-puerta-por-maquina-cortadora-de-acero-electrica.jpg\",\"width\":1920,\"height\":1281,\"caption\":\"Close up of young man in blue special uniform doing gate by electric steel cutter machine for welding special metal. Concept of process produce modern fence in garage.\"},{\"@type\":\"BreadcrumbList\",\"@id\":\"https:\/\/www.aemam.org\/es\/curso-obligatorio-de-prl-de-reciclaje-para-cerrajeros-de-4-horas\/#breadcrumb\",\"itemListElement\":[{\"@type\":\"ListItem\",\"position\":1,\"name\":\"Inici\",\"item\":\"https:\/\/www.aemam.org\/es\/inicio\/\"},{\"@type\":\"ListItem\",\"position\":2,\"name\":\"Curso obligatorio de PRL de reciclaje para cerrajeros de 4 horas\"}]},{\"@type\":\"WebSite\",\"@id\":\"https:\/\/www.aemam.org\/es\/#website\",\"url\":\"https:\/\/www.aemam.org\/es\/\",\"name\":\"AEMAM\",\"description\":\"Associaci\u00f3 d&#039;Empresaris Metal\u00b7l\u00fargics de l&#039;Alt Maresme\",\"publisher\":{\"@id\":\"https:\/\/www.aemam.org\/es\/#organization\"},\"potentialAction\":[{\"@type\":\"SearchAction\",\"target\":{\"@type\":\"EntryPoint\",\"urlTemplate\":\"https:\/\/www.aemam.org\/es\/?s={search_term_string}\"},\"query-input\":{\"@type\":\"PropertyValueSpecification\",\"valueRequired\":true,\"valueName\":\"search_term_string\"}}],\"inLanguage\":\"es\"},{\"@type\":\"Organization\",\"@id\":\"https:\/\/www.aemam.org\/es\/#organization\",\"name\":\"AEMAM\",\"url\":\"https:\/\/www.aemam.org\/es\/\",\"logo\":{\"@type\":\"ImageObject\",\"inLanguage\":\"es\",\"@id\":\"https:\/\/www.aemam.org\/es\/#\/schema\/logo\/image\/\",\"url\":\"https:\/\/www.aemam.org\/wp-content\/uploads\/2025\/08\/logo-aemam-blue.svg\",\"contentUrl\":\"https:\/\/www.aemam.org\/wp-content\/uploads\/2025\/08\/logo-aemam-blue.svg\",\"width\":849,\"height\":346,\"caption\":\"AEMAM\"},\"image\":{\"@id\":\"https:\/\/www.aemam.org\/es\/#\/schema\/logo\/image\/\"}},{\"@type\":\"Person\",\"@id\":\"https:\/\/www.aemam.org\/es\/#\/schema\/person\/75f111ddb8a19b6a686669b05d2cbfb5\",\"name\":\"elevenwebs\",\"image\":{\"@type\":\"ImageObject\",\"inLanguage\":\"es\",\"@id\":\"https:\/\/www.aemam.org\/es\/#\/schema\/person\/image\/\",\"url\":\"https:\/\/secure.gravatar.com\/avatar\/eb62249cc102d17f7c98fef495611ff49038b9be891928ef801d1b5f5ad76198?s=96&d=mm&r=g\",\"contentUrl\":\"https:\/\/secure.gravatar.com\/avatar\/eb62249cc102d17f7c98fef495611ff49038b9be891928ef801d1b5f5ad76198?s=96&d=mm&r=g\",\"caption\":\"elevenwebs\"},\"sameAs\":[\"https:\/\/www.aemam.org\"]}]}<\/script>\n<!-- \/ Yoast SEO plugin. -->","yoast_head_json":{"title":"Curso obligatorio de PRL de reciclaje para cerrajeros de 4 horas - AEMAM","description":"La Associaci\u00f3 d'Empresaris Metal\u00b7l\u00fargics de l'Alt Maresme tiene programado realizar el pr\u00f3ximo 3 de diciembre de 2025 el curso: RECICLAJE DE PREVENCI\u00d3N DE","robots":{"index":"index","follow":"follow","max-snippet":"max-snippet:-1","max-image-preview":"max-image-preview:large","max-video-preview":"max-video-preview:-1"},"canonical":"https:\/\/www.aemam.org\/es\/curso-obligatorio-de-prl-de-reciclaje-para-cerrajeros-de-4-horas\/","og_locale":"es_ES","og_type":"article","og_title":"Curso obligatorio de PRL de reciclaje para cerrajeros de 4 horas - AEMAM","og_description":"La Associaci\u00f3 d'Empresaris Metal\u00b7l\u00fargics de l'Alt Maresme tiene programado realizar el pr\u00f3ximo 3 de diciembre de 2025 el curso: RECICLAJE DE PREVENCI\u00d3N DE","og_url":"https:\/\/www.aemam.org\/es\/curso-obligatorio-de-prl-de-reciclaje-para-cerrajeros-de-4-horas\/","og_site_name":"AEMAM","article_published_time":"2025-10-02T09:38:27+00:00","article_modified_time":"2025-11-10T14:02:57+00:00","og_image":[{"width":1920,"height":1281,"url":"https:\/\/www.aemam.org\/wp-content\/uploads\/2025\/09\/trabajador-haciendo-puerta-por-maquina-cortadora-de-acero-electrica.jpg","type":"image\/jpeg"}],"author":"elevenwebs","twitter_card":"summary_large_image","twitter_misc":{"Escrito por":"elevenwebs","Tiempo de lectura":"1 minuto"},"schema":{"@context":"https:\/\/schema.org","@graph":[{"@type":"Article","@id":"https:\/\/www.aemam.org\/es\/curso-obligatorio-de-prl-de-reciclaje-para-cerrajeros-de-4-horas\/#article","isPartOf":{"@id":"https:\/\/www.aemam.org\/es\/curso-obligatorio-de-prl-de-reciclaje-para-cerrajeros-de-4-horas\/"},"author":{"name":"elevenwebs","@id":"https:\/\/www.aemam.org\/es\/#\/schema\/person\/75f111ddb8a19b6a686669b05d2cbfb5"},"headline":"Curso obligatorio de PRL de reciclaje para cerrajeros de 4 horas","datePublished":"2025-10-02T09:38:27+00:00","dateModified":"2025-11-10T14:02:57+00:00","mainEntityOfPage":{"@id":"https:\/\/www.aemam.org\/es\/curso-obligatorio-de-prl-de-reciclaje-para-cerrajeros-de-4-horas\/"},"wordCount":117,"commentCount":0,"publisher":{"@id":"https:\/\/www.aemam.org\/es\/#organization"},"image":{"@id":"https:\/\/www.aemam.org\/es\/curso-obligatorio-de-prl-de-reciclaje-para-cerrajeros-de-4-horas\/#primaryimage"},"thumbnailUrl":"https:\/\/www.aemam.org\/wp-content\/uploads\/2025\/09\/trabajador-haciendo-puerta-por-maquina-cortadora-de-acero-electrica.jpg","articleSection":["Cursos"],"inLanguage":"es","potentialAction":[{"@type":"CommentAction","name":"Comment","target":["https:\/\/www.aemam.org\/es\/curso-obligatorio-de-prl-de-reciclaje-para-cerrajeros-de-4-horas\/#respond"]}]},{"@type":"WebPage","@id":"https:\/\/www.aemam.org\/es\/curso-obligatorio-de-prl-de-reciclaje-para-cerrajeros-de-4-horas\/","url":"https:\/\/www.aemam.org\/es\/curso-obligatorio-de-prl-de-reciclaje-para-cerrajeros-de-4-horas\/","name":"Curso obligatorio de PRL de reciclaje para cerrajeros de 4 horas - AEMAM","isPartOf":{"@id":"https:\/\/www.aemam.org\/es\/#website"},"primaryImageOfPage":{"@id":"https:\/\/www.aemam.org\/es\/curso-obligatorio-de-prl-de-reciclaje-para-cerrajeros-de-4-horas\/#primaryimage"},"image":{"@id":"https:\/\/www.aemam.org\/es\/curso-obligatorio-de-prl-de-reciclaje-para-cerrajeros-de-4-horas\/#primaryimage"},"thumbnailUrl":"https:\/\/www.aemam.org\/wp-content\/uploads\/2025\/09\/trabajador-haciendo-puerta-por-maquina-cortadora-de-acero-electrica.jpg","datePublished":"2025-10-02T09:38:27+00:00","dateModified":"2025-11-10T14:02:57+00:00","description":"La Associaci\u00f3 d'Empresaris Metal\u00b7l\u00fargics de l'Alt Maresme tiene programado realizar el pr\u00f3ximo 3 de diciembre de 2025 el curso: RECICLAJE DE PREVENCI\u00d3N DE","breadcrumb":{"@id":"https:\/\/www.aemam.org\/es\/curso-obligatorio-de-prl-de-reciclaje-para-cerrajeros-de-4-horas\/#breadcrumb"},"inLanguage":"es","potentialAction":[{"@type":"ReadAction","target":["https:\/\/www.aemam.org\/es\/curso-obligatorio-de-prl-de-reciclaje-para-cerrajeros-de-4-horas\/"]}]},{"@type":"ImageObject","inLanguage":"es","@id":"https:\/\/www.aemam.org\/es\/curso-obligatorio-de-prl-de-reciclaje-para-cerrajeros-de-4-horas\/#primaryimage","url":"https:\/\/www.aemam.org\/wp-content\/uploads\/2025\/09\/trabajador-haciendo-puerta-por-maquina-cortadora-de-acero-electrica.jpg","contentUrl":"https:\/\/www.aemam.org\/wp-content\/uploads\/2025\/09\/trabajador-haciendo-puerta-por-maquina-cortadora-de-acero-electrica.jpg","width":1920,"height":1281,"caption":"Close up of young man in blue special uniform doing gate by electric steel cutter machine for welding special metal. Concept of process produce modern fence in garage."},{"@type":"BreadcrumbList","@id":"https:\/\/www.aemam.org\/es\/curso-obligatorio-de-prl-de-reciclaje-para-cerrajeros-de-4-horas\/#breadcrumb","itemListElement":[{"@type":"ListItem","position":1,"name":"Inici","item":"https:\/\/www.aemam.org\/es\/inicio\/"},{"@type":"ListItem","position":2,"name":"Curso obligatorio de PRL de reciclaje para cerrajeros de 4 horas"}]},{"@type":"WebSite","@id":"https:\/\/www.aemam.org\/es\/#website","url":"https:\/\/www.aemam.org\/es\/","name":"AEMAM","description":"Associaci\u00f3 d&#039;Empresaris Metal\u00b7l\u00fargics de l&#039;Alt Maresme","publisher":{"@id":"https:\/\/www.aemam.org\/es\/#organization"},"potentialAction":[{"@type":"SearchAction","target":{"@type":"EntryPoint","urlTemplate":"https:\/\/www.aemam.org\/es\/?s={search_term_string}"},"query-input":{"@type":"PropertyValueSpecification","valueRequired":true,"valueName":"search_term_string"}}],"inLanguage":"es"},{"@type":"Organization","@id":"https:\/\/www.aemam.org\/es\/#organization","name":"AEMAM","url":"https:\/\/www.aemam.org\/es\/","logo":{"@type":"ImageObject","inLanguage":"es","@id":"https:\/\/www.aemam.org\/es\/#\/schema\/logo\/image\/","url":"https:\/\/www.aemam.org\/wp-content\/uploads\/2025\/08\/logo-aemam-blue.svg","contentUrl":"https:\/\/www.aemam.org\/wp-content\/uploads\/2025\/08\/logo-aemam-blue.svg","width":849,"height":346,"caption":"AEMAM"},"image":{"@id":"https:\/\/www.aemam.org\/es\/#\/schema\/logo\/image\/"}},{"@type":"Person","@id":"https:\/\/www.aemam.org\/es\/#\/schema\/person\/75f111ddb8a19b6a686669b05d2cbfb5","name":"elevenwebs","image":{"@type":"ImageObject","inLanguage":"es","@id":"https:\/\/www.aemam.org\/es\/#\/schema\/person\/image\/","url":"https:\/\/secure.gravatar.com\/avatar\/eb62249cc102d17f7c98fef495611ff49038b9be891928ef801d1b5f5ad76198?s=96&d=mm&r=g","contentUrl":"https:\/\/secure.gravatar.com\/avatar\/eb62249cc102d17f7c98fef495611ff49038b9be891928ef801d1b5f5ad76198?s=96&d=mm&r=g","caption":"elevenwebs"},"sameAs":["https:\/\/www.aemam.org"]}]}},"_links":{"self":[{"href":"https:\/\/www.aemam.org\/es\/wp-json\/wp\/v2\/posts\/663","targetHints":{"allow":["GET"]}}],"collection":[{"href":"https:\/\/www.aemam.org\/es\/wp-json\/wp\/v2\/posts"}],"about":[{"href":"https:\/\/www.aemam.org\/es\/wp-json\/wp\/v2\/types\/post"}],"author":[{"embeddable":true,"href":"https:\/\/www.aemam.org\/es\/wp-json\/wp\/v2\/users\/1"}],"replies":[{"embeddable":true,"href":"https:\/\/www.aemam.org\/es\/wp-json\/wp\/v2\/comments?post=663"}],"version-history":[{"count":5,"href":"https:\/\/www.aemam.org\/es\/wp-json\/wp\/v2\/posts\/663\/revisions"}],"predecessor-version":[{"id":1538,"href":"https:\/\/www.aemam.org\/es\/wp-json\/wp\/v2\/posts\/663\/revisions\/1538"}],"wp:featuredmedia":[{"embeddable":true,"href":"https:\/\/www.aemam.org\/es\/wp-json\/wp\/v2\/media\/620"}],"wp:attachment":[{"href":"https:\/\/www.aemam.org\/es\/wp-json\/wp\/v2\/media?parent=663"}],"wp:term":[{"taxonomy":"category","embeddable":true,"href":"https:\/\/www.aemam.org\/es\/wp-json\/wp\/v2\/categories?post=663"},{"taxonomy":"post_tag","embeddable":true,"href":"https:\/\/www.aemam.org\/es\/wp-json\/wp\/v2\/tags?post=663"}],"curies":[{"name":"wp","href":"https:\/\/api.w.org\/{rel}","templated":true}]}}