{"id":664,"date":"2025-10-02T11:35:35","date_gmt":"2025-10-02T09:35:35","guid":{"rendered":"https:\/\/aemam.org\/2025\/10\/02\/curso-obligatorio-de-prl-para-instaladores-de-20-horas\/"},"modified":"2025-11-10T16:02:23","modified_gmt":"2025-11-10T14:02:23","slug":"curso-obligatorio-de-prl-para-instaladores-de-20-horas","status":"publish","type":"post","link":"https:\/\/www.aemam.org\/es\/curso-obligatorio-de-prl-para-instaladores-de-20-horas\/","title":{"rendered":"Curso obligatorio de PRL para instaladores de 20 horas"},"content":{"rendered":"<p>La Associaci\u00f3 d&#8217;Empresaris Metal\u00b7l\u00fargics de l&#8217;Alt Maresme tiene programado realizar durante el pr\u00f3ximo mes de octubre 2025 el curso: PRL PARA TRABAJOS DE MONTAJE Y MANTENIMIENTO DE INSTALACIONES EL\u00c9CTRICAS DE ALTA Y BAJA TENSI\u00d3N.<\/p>\n<p>Los contenidos formativos se corresponden con lo que se establece en Anexo IV apartado 8.2 de la Resoluci\u00f3n de 29 de diciembre de 2021 de la Direcci\u00f3n General de Empleo, por la que se registra y publica el IV Convenio colectivo estatal de la industria, tecnolog\u00eda y servicios del sector del metal.<\/p>\n<p>Es importante que si est\u00e1 interesado en este curso, por alguno de sus trabajadores, nos devuelva debidamente cumplimentado el bolet\u00edn de inscripci\u00f3n.<\/p>\n","protected":false},"excerpt":{"rendered":"<p>La Associaci\u00f3 d&#8217;Empresaris Metal\u00b7l\u00fargics de l&#8217;Alt Maresme tiene programado realizar durante el pr\u00f3ximo mes de octubre 2025 el curso: PRL PARA TRABAJOS DE MONTAJE Y MANTENIMIENTO DE INSTALACIONES EL\u00c9CTRICAS DE ALTA Y BAJA TENSI\u00d3N. Los contenidos formativos se corresponden con lo que se establece en Anexo IV apartado 8.2 de la Resoluci\u00f3n de 29 de [&hellip;]<\/p>\n","protected":false},"author":1,"featured_media":656,"comment_status":"open","ping_status":"open","sticky":false,"template":"","format":"standard","meta":{"_acf_changed":false,"footnotes":""},"categories":[31],"tags":[],"class_list":["post-664","post","type-post","status-publish","format-standard","has-post-thumbnail","hentry","category-cursos"],"acf":[],"yoast_head":"<!-- This site is optimized with the Yoast SEO plugin v26.9 - https:\/\/yoast.com\/product\/yoast-seo-wordpress\/ -->\n<title>Curso obligatorio de PRL para instaladores de 20 horas - AEMAM<\/title>\n<meta name=\"description\" content=\"La Associaci\u00f3 d&#039;Empresaris Metal\u00b7l\u00fargics de l&#039;Alt Maresme tiene programado realizar durante el pr\u00f3ximo mes de noviembre de 2025.\" \/>\n<meta name=\"robots\" content=\"index, follow, max-snippet:-1, max-image-preview:large, max-video-preview:-1\" \/>\n<link rel=\"canonical\" href=\"https:\/\/www.aemam.org\/es\/curso-obligatorio-de-prl-para-instaladores-de-20-horas\/\" \/>\n<meta property=\"og:locale\" content=\"es_ES\" \/>\n<meta property=\"og:type\" content=\"article\" \/>\n<meta property=\"og:title\" content=\"Curso obligatorio de PRL para instaladores de 20 horas - AEMAM\" \/>\n<meta property=\"og:description\" content=\"La Associaci\u00f3 d&#039;Empresaris Metal\u00b7l\u00fargics de l&#039;Alt Maresme tiene programado realizar durante el pr\u00f3ximo mes de noviembre de 2025.\" \/>\n<meta property=\"og:url\" content=\"https:\/\/www.aemam.org\/es\/curso-obligatorio-de-prl-para-instaladores-de-20-horas\/\" \/>\n<meta property=\"og:site_name\" content=\"AEMAM\" \/>\n<meta property=\"article:published_time\" content=\"2025-10-02T09:35:35+00:00\" \/>\n<meta property=\"article:modified_time\" content=\"2025-11-10T14:02:23+00:00\" \/>\n<meta property=\"og:image\" content=\"https:\/\/www.aemam.org\/wp-content\/uploads\/2025\/10\/imatge-AEMAM.jpg\" \/>\n\t<meta property=\"og:image:width\" content=\"900\" \/>\n\t<meta property=\"og:image:height\" content=\"600\" \/>\n\t<meta property=\"og:image:type\" content=\"image\/jpeg\" \/>\n<meta name=\"author\" content=\"elevenwebs\" \/>\n<meta name=\"twitter:card\" content=\"summary_large_image\" \/>\n<meta name=\"twitter:label1\" content=\"Escrito por\" \/>\n\t<meta name=\"twitter:data1\" content=\"elevenwebs\" \/>\n\t<meta name=\"twitter:label2\" content=\"Tiempo de lectura\" \/>\n\t<meta name=\"twitter:data2\" content=\"1 minuto\" \/>\n<script type=\"application\/ld+json\" class=\"yoast-schema-graph\">{\"@context\":\"https:\/\/schema.org\",\"@graph\":[{\"@type\":\"Article\",\"@id\":\"https:\/\/www.aemam.org\/es\/curso-obligatorio-de-prl-para-instaladores-de-20-horas\/#article\",\"isPartOf\":{\"@id\":\"https:\/\/www.aemam.org\/es\/curso-obligatorio-de-prl-para-instaladores-de-20-horas\/\"},\"author\":{\"name\":\"elevenwebs\",\"@id\":\"https:\/\/www.aemam.org\/es\/#\/schema\/person\/75f111ddb8a19b6a686669b05d2cbfb5\"},\"headline\":\"Curso obligatorio de PRL para instaladores de 20 horas\",\"datePublished\":\"2025-10-02T09:35:35+00:00\",\"dateModified\":\"2025-11-10T14:02:23+00:00\",\"mainEntityOfPage\":{\"@id\":\"https:\/\/www.aemam.org\/es\/curso-obligatorio-de-prl-para-instaladores-de-20-horas\/\"},\"wordCount\":124,\"commentCount\":0,\"publisher\":{\"@id\":\"https:\/\/www.aemam.org\/es\/#organization\"},\"image\":{\"@id\":\"https:\/\/www.aemam.org\/es\/curso-obligatorio-de-prl-para-instaladores-de-20-horas\/#primaryimage\"},\"thumbnailUrl\":\"https:\/\/www.aemam.org\/wp-content\/uploads\/2025\/10\/imatge-AEMAM.jpg\",\"articleSection\":[\"Cursos\"],\"inLanguage\":\"es\",\"potentialAction\":[{\"@type\":\"CommentAction\",\"name\":\"Comment\",\"target\":[\"https:\/\/www.aemam.org\/es\/curso-obligatorio-de-prl-para-instaladores-de-20-horas\/#respond\"]}]},{\"@type\":\"WebPage\",\"@id\":\"https:\/\/www.aemam.org\/es\/curso-obligatorio-de-prl-para-instaladores-de-20-horas\/\",\"url\":\"https:\/\/www.aemam.org\/es\/curso-obligatorio-de-prl-para-instaladores-de-20-horas\/\",\"name\":\"Curso obligatorio de PRL para instaladores de 20 horas - AEMAM\",\"isPartOf\":{\"@id\":\"https:\/\/www.aemam.org\/es\/#website\"},\"primaryImageOfPage\":{\"@id\":\"https:\/\/www.aemam.org\/es\/curso-obligatorio-de-prl-para-instaladores-de-20-horas\/#primaryimage\"},\"image\":{\"@id\":\"https:\/\/www.aemam.org\/es\/curso-obligatorio-de-prl-para-instaladores-de-20-horas\/#primaryimage\"},\"thumbnailUrl\":\"https:\/\/www.aemam.org\/wp-content\/uploads\/2025\/10\/imatge-AEMAM.jpg\",\"datePublished\":\"2025-10-02T09:35:35+00:00\",\"dateModified\":\"2025-11-10T14:02:23+00:00\",\"description\":\"La Associaci\u00f3 d'Empresaris Metal\u00b7l\u00fargics de l'Alt Maresme tiene programado realizar durante el pr\u00f3ximo mes de noviembre de 2025.\",\"breadcrumb\":{\"@id\":\"https:\/\/www.aemam.org\/es\/curso-obligatorio-de-prl-para-instaladores-de-20-horas\/#breadcrumb\"},\"inLanguage\":\"es\",\"potentialAction\":[{\"@type\":\"ReadAction\",\"target\":[\"https:\/\/www.aemam.org\/es\/curso-obligatorio-de-prl-para-instaladores-de-20-horas\/\"]}]},{\"@type\":\"ImageObject\",\"inLanguage\":\"es\",\"@id\":\"https:\/\/www.aemam.org\/es\/curso-obligatorio-de-prl-para-instaladores-de-20-horas\/#primaryimage\",\"url\":\"https:\/\/www.aemam.org\/wp-content\/uploads\/2025\/10\/imatge-AEMAM.jpg\",\"contentUrl\":\"https:\/\/www.aemam.org\/wp-content\/uploads\/2025\/10\/imatge-AEMAM.jpg\",\"width\":900,\"height\":600,\"caption\":\"Screenshot\"},{\"@type\":\"BreadcrumbList\",\"@id\":\"https:\/\/www.aemam.org\/es\/curso-obligatorio-de-prl-para-instaladores-de-20-horas\/#breadcrumb\",\"itemListElement\":[{\"@type\":\"ListItem\",\"position\":1,\"name\":\"Inici\",\"item\":\"https:\/\/www.aemam.org\/es\/inicio\/\"},{\"@type\":\"ListItem\",\"position\":2,\"name\":\"Curso obligatorio de PRL para instaladores de 20 horas\"}]},{\"@type\":\"WebSite\",\"@id\":\"https:\/\/www.aemam.org\/es\/#website\",\"url\":\"https:\/\/www.aemam.org\/es\/\",\"name\":\"AEMAM\",\"description\":\"Associaci\u00f3 d&#039;Empresaris Metal\u00b7l\u00fargics de l&#039;Alt Maresme\",\"publisher\":{\"@id\":\"https:\/\/www.aemam.org\/es\/#organization\"},\"potentialAction\":[{\"@type\":\"SearchAction\",\"target\":{\"@type\":\"EntryPoint\",\"urlTemplate\":\"https:\/\/www.aemam.org\/es\/?s={search_term_string}\"},\"query-input\":{\"@type\":\"PropertyValueSpecification\",\"valueRequired\":true,\"valueName\":\"search_term_string\"}}],\"inLanguage\":\"es\"},{\"@type\":\"Organization\",\"@id\":\"https:\/\/www.aemam.org\/es\/#organization\",\"name\":\"AEMAM\",\"url\":\"https:\/\/www.aemam.org\/es\/\",\"logo\":{\"@type\":\"ImageObject\",\"inLanguage\":\"es\",\"@id\":\"https:\/\/www.aemam.org\/es\/#\/schema\/logo\/image\/\",\"url\":\"https:\/\/www.aemam.org\/wp-content\/uploads\/2025\/08\/logo-aemam-blue.svg\",\"contentUrl\":\"https:\/\/www.aemam.org\/wp-content\/uploads\/2025\/08\/logo-aemam-blue.svg\",\"width\":849,\"height\":346,\"caption\":\"AEMAM\"},\"image\":{\"@id\":\"https:\/\/www.aemam.org\/es\/#\/schema\/logo\/image\/\"}},{\"@type\":\"Person\",\"@id\":\"https:\/\/www.aemam.org\/es\/#\/schema\/person\/75f111ddb8a19b6a686669b05d2cbfb5\",\"name\":\"elevenwebs\",\"image\":{\"@type\":\"ImageObject\",\"inLanguage\":\"es\",\"@id\":\"https:\/\/www.aemam.org\/es\/#\/schema\/person\/image\/\",\"url\":\"https:\/\/secure.gravatar.com\/avatar\/eb62249cc102d17f7c98fef495611ff49038b9be891928ef801d1b5f5ad76198?s=96&d=mm&r=g\",\"contentUrl\":\"https:\/\/secure.gravatar.com\/avatar\/eb62249cc102d17f7c98fef495611ff49038b9be891928ef801d1b5f5ad76198?s=96&d=mm&r=g\",\"caption\":\"elevenwebs\"},\"sameAs\":[\"https:\/\/www.aemam.org\"]}]}<\/script>\n<!-- \/ Yoast SEO plugin. -->","yoast_head_json":{"title":"Curso obligatorio de PRL para instaladores de 20 horas - AEMAM","description":"La Associaci\u00f3 d'Empresaris Metal\u00b7l\u00fargics de l'Alt Maresme tiene programado realizar durante el pr\u00f3ximo mes de noviembre de 2025.","robots":{"index":"index","follow":"follow","max-snippet":"max-snippet:-1","max-image-preview":"max-image-preview:large","max-video-preview":"max-video-preview:-1"},"canonical":"https:\/\/www.aemam.org\/es\/curso-obligatorio-de-prl-para-instaladores-de-20-horas\/","og_locale":"es_ES","og_type":"article","og_title":"Curso obligatorio de PRL para instaladores de 20 horas - AEMAM","og_description":"La Associaci\u00f3 d'Empresaris Metal\u00b7l\u00fargics de l'Alt Maresme tiene programado realizar durante el pr\u00f3ximo mes de noviembre de 2025.","og_url":"https:\/\/www.aemam.org\/es\/curso-obligatorio-de-prl-para-instaladores-de-20-horas\/","og_site_name":"AEMAM","article_published_time":"2025-10-02T09:35:35+00:00","article_modified_time":"2025-11-10T14:02:23+00:00","og_image":[{"width":900,"height":600,"url":"https:\/\/www.aemam.org\/wp-content\/uploads\/2025\/10\/imatge-AEMAM.jpg","type":"image\/jpeg"}],"author":"elevenwebs","twitter_card":"summary_large_image","twitter_misc":{"Escrito por":"elevenwebs","Tiempo de lectura":"1 minuto"},"schema":{"@context":"https:\/\/schema.org","@graph":[{"@type":"Article","@id":"https:\/\/www.aemam.org\/es\/curso-obligatorio-de-prl-para-instaladores-de-20-horas\/#article","isPartOf":{"@id":"https:\/\/www.aemam.org\/es\/curso-obligatorio-de-prl-para-instaladores-de-20-horas\/"},"author":{"name":"elevenwebs","@id":"https:\/\/www.aemam.org\/es\/#\/schema\/person\/75f111ddb8a19b6a686669b05d2cbfb5"},"headline":"Curso obligatorio de PRL para instaladores de 20 horas","datePublished":"2025-10-02T09:35:35+00:00","dateModified":"2025-11-10T14:02:23+00:00","mainEntityOfPage":{"@id":"https:\/\/www.aemam.org\/es\/curso-obligatorio-de-prl-para-instaladores-de-20-horas\/"},"wordCount":124,"commentCount":0,"publisher":{"@id":"https:\/\/www.aemam.org\/es\/#organization"},"image":{"@id":"https:\/\/www.aemam.org\/es\/curso-obligatorio-de-prl-para-instaladores-de-20-horas\/#primaryimage"},"thumbnailUrl":"https:\/\/www.aemam.org\/wp-content\/uploads\/2025\/10\/imatge-AEMAM.jpg","articleSection":["Cursos"],"inLanguage":"es","potentialAction":[{"@type":"CommentAction","name":"Comment","target":["https:\/\/www.aemam.org\/es\/curso-obligatorio-de-prl-para-instaladores-de-20-horas\/#respond"]}]},{"@type":"WebPage","@id":"https:\/\/www.aemam.org\/es\/curso-obligatorio-de-prl-para-instaladores-de-20-horas\/","url":"https:\/\/www.aemam.org\/es\/curso-obligatorio-de-prl-para-instaladores-de-20-horas\/","name":"Curso obligatorio de PRL para instaladores de 20 horas - AEMAM","isPartOf":{"@id":"https:\/\/www.aemam.org\/es\/#website"},"primaryImageOfPage":{"@id":"https:\/\/www.aemam.org\/es\/curso-obligatorio-de-prl-para-instaladores-de-20-horas\/#primaryimage"},"image":{"@id":"https:\/\/www.aemam.org\/es\/curso-obligatorio-de-prl-para-instaladores-de-20-horas\/#primaryimage"},"thumbnailUrl":"https:\/\/www.aemam.org\/wp-content\/uploads\/2025\/10\/imatge-AEMAM.jpg","datePublished":"2025-10-02T09:35:35+00:00","dateModified":"2025-11-10T14:02:23+00:00","description":"La Associaci\u00f3 d'Empresaris Metal\u00b7l\u00fargics de l'Alt Maresme tiene programado realizar durante el pr\u00f3ximo mes de noviembre de 2025.","breadcrumb":{"@id":"https:\/\/www.aemam.org\/es\/curso-obligatorio-de-prl-para-instaladores-de-20-horas\/#breadcrumb"},"inLanguage":"es","potentialAction":[{"@type":"ReadAction","target":["https:\/\/www.aemam.org\/es\/curso-obligatorio-de-prl-para-instaladores-de-20-horas\/"]}]},{"@type":"ImageObject","inLanguage":"es","@id":"https:\/\/www.aemam.org\/es\/curso-obligatorio-de-prl-para-instaladores-de-20-horas\/#primaryimage","url":"https:\/\/www.aemam.org\/wp-content\/uploads\/2025\/10\/imatge-AEMAM.jpg","contentUrl":"https:\/\/www.aemam.org\/wp-content\/uploads\/2025\/10\/imatge-AEMAM.jpg","width":900,"height":600,"caption":"Screenshot"},{"@type":"BreadcrumbList","@id":"https:\/\/www.aemam.org\/es\/curso-obligatorio-de-prl-para-instaladores-de-20-horas\/#breadcrumb","itemListElement":[{"@type":"ListItem","position":1,"name":"Inici","item":"https:\/\/www.aemam.org\/es\/inicio\/"},{"@type":"ListItem","position":2,"name":"Curso obligatorio de PRL para instaladores de 20 horas"}]},{"@type":"WebSite","@id":"https:\/\/www.aemam.org\/es\/#website","url":"https:\/\/www.aemam.org\/es\/","name":"AEMAM","description":"Associaci\u00f3 d&#039;Empresaris Metal\u00b7l\u00fargics de l&#039;Alt Maresme","publisher":{"@id":"https:\/\/www.aemam.org\/es\/#organization"},"potentialAction":[{"@type":"SearchAction","target":{"@type":"EntryPoint","urlTemplate":"https:\/\/www.aemam.org\/es\/?s={search_term_string}"},"query-input":{"@type":"PropertyValueSpecification","valueRequired":true,"valueName":"search_term_string"}}],"inLanguage":"es"},{"@type":"Organization","@id":"https:\/\/www.aemam.org\/es\/#organization","name":"AEMAM","url":"https:\/\/www.aemam.org\/es\/","logo":{"@type":"ImageObject","inLanguage":"es","@id":"https:\/\/www.aemam.org\/es\/#\/schema\/logo\/image\/","url":"https:\/\/www.aemam.org\/wp-content\/uploads\/2025\/08\/logo-aemam-blue.svg","contentUrl":"https:\/\/www.aemam.org\/wp-content\/uploads\/2025\/08\/logo-aemam-blue.svg","width":849,"height":346,"caption":"AEMAM"},"image":{"@id":"https:\/\/www.aemam.org\/es\/#\/schema\/logo\/image\/"}},{"@type":"Person","@id":"https:\/\/www.aemam.org\/es\/#\/schema\/person\/75f111ddb8a19b6a686669b05d2cbfb5","name":"elevenwebs","image":{"@type":"ImageObject","inLanguage":"es","@id":"https:\/\/www.aemam.org\/es\/#\/schema\/person\/image\/","url":"https:\/\/secure.gravatar.com\/avatar\/eb62249cc102d17f7c98fef495611ff49038b9be891928ef801d1b5f5ad76198?s=96&d=mm&r=g","contentUrl":"https:\/\/secure.gravatar.com\/avatar\/eb62249cc102d17f7c98fef495611ff49038b9be891928ef801d1b5f5ad76198?s=96&d=mm&r=g","caption":"elevenwebs"},"sameAs":["https:\/\/www.aemam.org"]}]}},"_links":{"self":[{"href":"https:\/\/www.aemam.org\/es\/wp-json\/wp\/v2\/posts\/664","targetHints":{"allow":["GET"]}}],"collection":[{"href":"https:\/\/www.aemam.org\/es\/wp-json\/wp\/v2\/posts"}],"about":[{"href":"https:\/\/www.aemam.org\/es\/wp-json\/wp\/v2\/types\/post"}],"author":[{"embeddable":true,"href":"https:\/\/www.aemam.org\/es\/wp-json\/wp\/v2\/users\/1"}],"replies":[{"embeddable":true,"href":"https:\/\/www.aemam.org\/es\/wp-json\/wp\/v2\/comments?post=664"}],"version-history":[{"count":3,"href":"https:\/\/www.aemam.org\/es\/wp-json\/wp\/v2\/posts\/664\/revisions"}],"predecessor-version":[{"id":1536,"href":"https:\/\/www.aemam.org\/es\/wp-json\/wp\/v2\/posts\/664\/revisions\/1536"}],"wp:featuredmedia":[{"embeddable":true,"href":"https:\/\/www.aemam.org\/es\/wp-json\/wp\/v2\/media\/656"}],"wp:attachment":[{"href":"https:\/\/www.aemam.org\/es\/wp-json\/wp\/v2\/media?parent=664"}],"wp:term":[{"taxonomy":"category","embeddable":true,"href":"https:\/\/www.aemam.org\/es\/wp-json\/wp\/v2\/categories?post=664"},{"taxonomy":"post_tag","embeddable":true,"href":"https:\/\/www.aemam.org\/es\/wp-json\/wp\/v2\/tags?post=664"}],"curies":[{"name":"wp","href":"https:\/\/api.w.org\/{rel}","templated":true}]}}